{"id":379,"date":"2021-08-20T20:21:00","date_gmt":"2021-08-20T18:21:00","guid":{"rendered":"http:\/\/zapiecek.czaplinek.pl\/?p=379"},"modified":"2021-11-26T18:43:42","modified_gmt":"2021-11-26T17:43:42","slug":"artysci-z-wizyta-w-zelislawskim-zapiecku","status":"publish","type":"post","link":"http:\/\/zapiecek.czaplinek.pl\/index.php\/2021\/08\/20\/artysci-z-wizyta-w-zelislawskim-zapiecku\/","title":{"rendered":"Arty\u015bci z wizyt\u0105 w \u017belis\u0142awskim Zapiecku"},"content":{"rendered":"\n<p>Arty\u015bci uczestnicz\u0105cy w mi\u0119dzynarodowym plenerze artystycznym w pa\u0142acu w Siemczynie odwiedzili Zapiecek.<br>Spr\u00f3bowali swoich si\u0142 prz\u0119d\u0105c na ko\u0142owrotku, tkaj\u0105c na krosnach, i wypiekaj\u0105c szczodraki.<\/p>\n\n\n\n<figure class=\"wp-block-image size-large\"><img loading=\"lazy\" decoding=\"async\" width=\"1024\" height=\"485\" src=\"http:\/\/zapiecek.czaplinek.pl\/wp-content\/uploads\/2021\/11\/IMG_20210820_200241m-1024x485.jpg\" alt=\"\" class=\"wp-image-380\" srcset=\"http:\/\/zapiecek.czaplinek.pl\/wp-content\/uploads\/2021\/11\/IMG_20210820_200241m-1024x485.jpg 1024w, http:\/\/zapiecek.czaplinek.pl\/wp-content\/uploads\/2021\/11\/IMG_20210820_200241m-300x142.jpg 300w, http:\/\/zapiecek.czaplinek.pl\/wp-content\/uploads\/2021\/11\/IMG_20210820_200241m-768x364.jpg 768w, http:\/\/zapiecek.czaplinek.pl\/wp-content\/uploads\/2021\/11\/IMG_20210820_200241m-850x402.jpg 850w, http:\/\/zapiecek.czaplinek.pl\/wp-content\/uploads\/2021\/11\/IMG_20210820_200241m-24x11.jpg 24w, http:\/\/zapiecek.czaplinek.pl\/wp-content\/uploads\/2021\/11\/IMG_20210820_200241m-36x17.jpg 36w, http:\/\/zapiecek.czaplinek.pl\/wp-content\/uploads\/2021\/11\/IMG_20210820_200241m-48x23.jpg 48w, http:\/\/zapiecek.czaplinek.pl\/wp-content\/uploads\/2021\/11\/IMG_20210820_200241m.jpg 1280w\" sizes=\"auto, (max-width: 1024px) 100vw, 1024px\" \/><\/figure>\n\n\n\n<figure class=\"wp-block-image size-large\"><img loading=\"lazy\" decoding=\"async\" width=\"1024\" height=\"485\" src=\"http:\/\/zapiecek.czaplinek.pl\/wp-content\/uploads\/2021\/11\/IMG_20210820_193005_1m-1024x485.jpg\" alt=\"\" class=\"wp-image-381\" srcset=\"http:\/\/zapiecek.czaplinek.pl\/wp-content\/uploads\/2021\/11\/IMG_20210820_193005_1m-1024x485.jpg 1024w, http:\/\/zapiecek.czaplinek.pl\/wp-content\/uploads\/2021\/11\/IMG_20210820_193005_1m-300x142.jpg 300w, http:\/\/zapiecek.czaplinek.pl\/wp-content\/uploads\/2021\/11\/IMG_20210820_193005_1m-768x364.jpg 768w, http:\/\/zapiecek.czaplinek.pl\/wp-content\/uploads\/2021\/11\/IMG_20210820_193005_1m-850x402.jpg 850w, http:\/\/zapiecek.czaplinek.pl\/wp-content\/uploads\/2021\/11\/IMG_20210820_193005_1m-24x11.jpg 24w, http:\/\/zapiecek.czaplinek.pl\/wp-content\/uploads\/2021\/11\/IMG_20210820_193005_1m-36x17.jpg 36w, http:\/\/zapiecek.czaplinek.pl\/wp-content\/uploads\/2021\/11\/IMG_20210820_193005_1m-48x23.jpg 48w, http:\/\/zapiecek.czaplinek.pl\/wp-content\/uploads\/2021\/11\/IMG_20210820_193005_1m.jpg 1280w\" sizes=\"auto, (max-width: 1024px) 100vw, 1024px\" \/><\/figure>\n\n\n\n<figure class=\"wp-block-image size-large\"><img loading=\"lazy\" decoding=\"async\" width=\"1024\" height=\"485\" src=\"http:\/\/zapiecek.czaplinek.pl\/wp-content\/uploads\/2021\/11\/IMG_20210820_192803_1m-1024x485.jpg\" alt=\"\" class=\"wp-image-382\" srcset=\"http:\/\/zapiecek.czaplinek.pl\/wp-content\/uploads\/2021\/11\/IMG_20210820_192803_1m-1024x485.jpg 1024w, http:\/\/zapiecek.czaplinek.pl\/wp-content\/uploads\/2021\/11\/IMG_20210820_192803_1m-300x142.jpg 300w, http:\/\/zapiecek.czaplinek.pl\/wp-content\/uploads\/2021\/11\/IMG_20210820_192803_1m-768x364.jpg 768w, http:\/\/zapiecek.czaplinek.pl\/wp-content\/uploads\/2021\/11\/IMG_20210820_192803_1m-850x402.jpg 850w, http:\/\/zapiecek.czaplinek.pl\/wp-content\/uploads\/2021\/11\/IMG_20210820_192803_1m-24x11.jpg 24w, http:\/\/zapiecek.czaplinek.pl\/wp-content\/uploads\/2021\/11\/IMG_20210820_192803_1m-36x17.jpg 36w, http:\/\/zapiecek.czaplinek.pl\/wp-content\/uploads\/2021\/11\/IMG_20210820_192803_1m-48x23.jpg 48w, http:\/\/zapiecek.czaplinek.pl\/wp-content\/uploads\/2021\/11\/IMG_20210820_192803_1m.jpg 1280w\" sizes=\"auto, (max-width: 1024px) 100vw, 1024px\" \/><\/figure>\n\n\n\n<div class=\"wp-block-image\"><figure class=\"aligncenter size-full\"><img loading=\"lazy\" decoding=\"async\" width=\"602\" height=\"930\" src=\"http:\/\/zapiecek.czaplinek.pl\/wp-content\/uploads\/2021\/11\/IMG_20210820_192733_1m.jpg\" alt=\"\" class=\"wp-image-383\" srcset=\"http:\/\/zapiecek.czaplinek.pl\/wp-content\/uploads\/2021\/11\/IMG_20210820_192733_1m.jpg 602w, http:\/\/zapiecek.czaplinek.pl\/wp-content\/uploads\/2021\/11\/IMG_20210820_192733_1m-194x300.jpg 194w, http:\/\/zapiecek.czaplinek.pl\/wp-content\/uploads\/2021\/11\/IMG_20210820_192733_1m-300x463.jpg 300w, http:\/\/zapiecek.czaplinek.pl\/wp-content\/uploads\/2021\/11\/IMG_20210820_192733_1m-16x24.jpg 16w, http:\/\/zapiecek.czaplinek.pl\/wp-content\/uploads\/2021\/11\/IMG_20210820_192733_1m-23x36.jpg 23w, http:\/\/zapiecek.czaplinek.pl\/wp-content\/uploads\/2021\/11\/IMG_20210820_192733_1m-31x48.jpg 31w\" sizes=\"auto, (max-width: 602px) 100vw, 602px\" \/><\/figure><\/div>\n","protected":false},"excerpt":{"rendered":"<p>Arty\u015bci uczestnicz\u0105cy w mi\u0119dzynarodowym plenerze artystycznym w pa\u0142acu w Siemczynie odwiedzili Zapiecek.Spr\u00f3bowali swoich si\u0142 prz\u0119d\u0105c na ko\u0142owrotku, tkaj\u0105c na krosnach, i wypiekaj\u0105c szczodraki.<\/p>\n","protected":false},"author":1,"featured_media":0,"comment_status":"open","ping_status":"open","sticky":false,"template":"","format":"standard","meta":{"ngg_post_thumbnail":0,"footnotes":""},"categories":[1],"tags":[],"class_list":["post-379","post","type-post","status-publish","format-standard","hentry","category-bez-kategorii"],"_links":{"self":[{"href":"http:\/\/zapiecek.czaplinek.pl\/index.php\/wp-json\/wp\/v2\/posts\/379","targetHints":{"allow":["GET"]}}],"collection":[{"href":"http:\/\/zapiecek.czaplinek.pl\/index.php\/wp-json\/wp\/v2\/posts"}],"about":[{"href":"http:\/\/zapiecek.czaplinek.pl\/index.php\/wp-json\/wp\/v2\/types\/post"}],"author":[{"embeddable":true,"href":"http:\/\/zapiecek.czaplinek.pl\/index.php\/wp-json\/wp\/v2\/users\/1"}],"replies":[{"embeddable":true,"href":"http:\/\/zapiecek.czaplinek.pl\/index.php\/wp-json\/wp\/v2\/comments?post=379"}],"version-history":[{"count":1,"href":"http:\/\/zapiecek.czaplinek.pl\/index.php\/wp-json\/wp\/v2\/posts\/379\/revisions"}],"predecessor-version":[{"id":384,"href":"http:\/\/zapiecek.czaplinek.pl\/index.php\/wp-json\/wp\/v2\/posts\/379\/revisions\/384"}],"wp:attachment":[{"href":"http:\/\/zapiecek.czaplinek.pl\/index.php\/wp-json\/wp\/v2\/media?parent=379"}],"wp:term":[{"taxonomy":"category","embeddable":true,"href":"http:\/\/zapiecek.czaplinek.pl\/index.php\/wp-json\/wp\/v2\/categories?post=379"},{"taxonomy":"post_tag","embeddable":true,"href":"http:\/\/zapiecek.czaplinek.pl\/index.php\/wp-json\/wp\/v2\/tags?post=379"}],"curies":[{"name":"wp","href":"https:\/\/api.w.org\/{rel}","templated":true}]}}