{"id":386,"date":"2021-10-09T18:51:00","date_gmt":"2021-10-09T16:51:00","guid":{"rendered":"http:\/\/zapiecek.czaplinek.pl\/?p=386"},"modified":"2021-11-26T18:52:57","modified_gmt":"2021-11-26T17:52:57","slug":"rozpoczynamy-sezon-morsowania","status":"publish","type":"post","link":"http:\/\/zapiecek.czaplinek.pl\/index.php\/2021\/10\/09\/rozpoczynamy-sezon-morsowania\/","title":{"rendered":"Rozpoczynamy sezon morsowania"},"content":{"rendered":"\n<p>Chocia\u017c jeszcze ciep\u0142o ale ju\u017c nie mo\u017cemy doczeka\u0107 si\u0119 zimy.<br>Spotkanie integracyjne w jeziorze Nawsie w Psie G\u0142owach.<\/p>\n\n\n\n<figure class=\"wp-block-image size-large\"><img loading=\"lazy\" decoding=\"async\" width=\"1024\" height=\"576\" src=\"http:\/\/zapiecek.czaplinek.pl\/wp-content\/uploads\/2021\/11\/IMG_20211009_154621_1m-1024x576.jpg\" alt=\"\" class=\"wp-image-387\" srcset=\"http:\/\/zapiecek.czaplinek.pl\/wp-content\/uploads\/2021\/11\/IMG_20211009_154621_1m-1024x576.jpg 1024w, http:\/\/zapiecek.czaplinek.pl\/wp-content\/uploads\/2021\/11\/IMG_20211009_154621_1m-300x169.jpg 300w, http:\/\/zapiecek.czaplinek.pl\/wp-content\/uploads\/2021\/11\/IMG_20211009_154621_1m-768x432.jpg 768w, http:\/\/zapiecek.czaplinek.pl\/wp-content\/uploads\/2021\/11\/IMG_20211009_154621_1m-1536x864.jpg 1536w, http:\/\/zapiecek.czaplinek.pl\/wp-content\/uploads\/2021\/11\/IMG_20211009_154621_1m-2048x1152.jpg 2048w, http:\/\/zapiecek.czaplinek.pl\/wp-content\/uploads\/2021\/11\/IMG_20211009_154621_1m-850x478.jpg 850w, http:\/\/zapiecek.czaplinek.pl\/wp-content\/uploads\/2021\/11\/IMG_20211009_154621_1m-24x14.jpg 24w, http:\/\/zapiecek.czaplinek.pl\/wp-content\/uploads\/2021\/11\/IMG_20211009_154621_1m-36x20.jpg 36w, http:\/\/zapiecek.czaplinek.pl\/wp-content\/uploads\/2021\/11\/IMG_20211009_154621_1m-48x27.jpg 48w\" sizes=\"auto, (max-width: 1024px) 100vw, 1024px\" \/><\/figure>\n\n\n\n<figure class=\"wp-block-image size-large\"><img loading=\"lazy\" decoding=\"async\" width=\"1024\" height=\"576\" src=\"http:\/\/zapiecek.czaplinek.pl\/wp-content\/uploads\/2021\/11\/IMG_20211009_154909_1m-1024x576.jpg\" alt=\"\" class=\"wp-image-388\" srcset=\"http:\/\/zapiecek.czaplinek.pl\/wp-content\/uploads\/2021\/11\/IMG_20211009_154909_1m-1024x576.jpg 1024w, http:\/\/zapiecek.czaplinek.pl\/wp-content\/uploads\/2021\/11\/IMG_20211009_154909_1m-300x169.jpg 300w, http:\/\/zapiecek.czaplinek.pl\/wp-content\/uploads\/2021\/11\/IMG_20211009_154909_1m-768x432.jpg 768w, http:\/\/zapiecek.czaplinek.pl\/wp-content\/uploads\/2021\/11\/IMG_20211009_154909_1m-850x478.jpg 850w, http:\/\/zapiecek.czaplinek.pl\/wp-content\/uploads\/2021\/11\/IMG_20211009_154909_1m-24x14.jpg 24w, http:\/\/zapiecek.czaplinek.pl\/wp-content\/uploads\/2021\/11\/IMG_20211009_154909_1m-36x20.jpg 36w, http:\/\/zapiecek.czaplinek.pl\/wp-content\/uploads\/2021\/11\/IMG_20211009_154909_1m-48x27.jpg 48w, http:\/\/zapiecek.czaplinek.pl\/wp-content\/uploads\/2021\/11\/IMG_20211009_154909_1m.jpg 1280w\" sizes=\"auto, (max-width: 1024px) 100vw, 1024px\" \/><\/figure>\n","protected":false},"excerpt":{"rendered":"<p>Chocia\u017c jeszcze ciep\u0142o ale ju\u017c nie mo\u017cemy doczeka\u0107 si\u0119 zimy.Spotkanie integracyjne w jeziorze Nawsie w Psie G\u0142owach.<\/p>\n","protected":false},"author":1,"featured_media":0,"comment_status":"open","ping_status":"open","sticky":false,"template":"","format":"standard","meta":{"ngg_post_thumbnail":0,"footnotes":""},"categories":[1],"tags":[],"class_list":["post-386","post","type-post","status-publish","format-standard","hentry","category-bez-kategorii"],"_links":{"self":[{"href":"http:\/\/zapiecek.czaplinek.pl\/index.php\/wp-json\/wp\/v2\/posts\/386","targetHints":{"allow":["GET"]}}],"collection":[{"href":"http:\/\/zapiecek.czaplinek.pl\/index.php\/wp-json\/wp\/v2\/posts"}],"about":[{"href":"http:\/\/zapiecek.czaplinek.pl\/index.php\/wp-json\/wp\/v2\/types\/post"}],"author":[{"embeddable":true,"href":"http:\/\/zapiecek.czaplinek.pl\/index.php\/wp-json\/wp\/v2\/users\/1"}],"replies":[{"embeddable":true,"href":"http:\/\/zapiecek.czaplinek.pl\/index.php\/wp-json\/wp\/v2\/comments?post=386"}],"version-history":[{"count":1,"href":"http:\/\/zapiecek.czaplinek.pl\/index.php\/wp-json\/wp\/v2\/posts\/386\/revisions"}],"predecessor-version":[{"id":389,"href":"http:\/\/zapiecek.czaplinek.pl\/index.php\/wp-json\/wp\/v2\/posts\/386\/revisions\/389"}],"wp:attachment":[{"href":"http:\/\/zapiecek.czaplinek.pl\/index.php\/wp-json\/wp\/v2\/media?parent=386"}],"wp:term":[{"taxonomy":"category","embeddable":true,"href":"http:\/\/zapiecek.czaplinek.pl\/index.php\/wp-json\/wp\/v2\/categories?post=386"},{"taxonomy":"post_tag","embeddable":true,"href":"http:\/\/zapiecek.czaplinek.pl\/index.php\/wp-json\/wp\/v2\/tags?post=386"}],"curies":[{"name":"wp","href":"https:\/\/api.w.org\/{rel}","templated":true}]}}